{"id":9799,"date":"2024-02-20T11:19:53","date_gmt":"2024-02-20T10:19:53","guid":{"rendered":"https:\/\/www.il9marzo.it\/?p=9799"},"modified":"2024-02-20T11:19:57","modified_gmt":"2024-02-20T10:19:57","slug":"il-falso-ideologico-di-giulio-il-piccolo","status":"publish","type":"post","link":"https:\/\/www.il9marzo.it\/?p=9799","title":{"rendered":"Il falso ideologico di Giulio il piccolo"},"content":{"rendered":"\n<p>Giulio Romani, stando alla sentenza di primo grado del Tribunale di Verona del dicembre scorso, ha commesso un reato di falso ideologico cos\u00ec piccolo, ma cos\u00ec piccolo, da non dover essere nemmeno punito perch\u00e9 sostanzialmente irrilevante. Dopo questa sentenza, lo si potrebbe chiamare \u201cGiulio il piccolo\u201d (o &#8220;l&#8217;irrilevante&#8221;).<\/p>\n\n\n\n<p>La storia \u00e8 quella dei lavori nell\u2019appartamento di Verona (sul quale la banca aveva concesso un mutuo poi venuto meno dopo alcune polemiche di stampa) che noi abbiamo raccontato e che Romani ha cercato di non farci raccontare con due querele finite nel cestino. E ora anche la sentenza di Verona ci conferma che avevamo scritto solo cose esatte. Tre a zero per noi. &nbsp;<\/p>\n\n\n\n<p>\u201cFalso ideologico\u201d, per il diritto, vuol dire far risultare in un documento una cosa falsa; ad esempio, \u00e8 un falso ideologico inserire in una richiesta di autorizzazione per lavori in un appartamento un vano cui non si ha diritto (facendo risultare anche una superficie maggiore per il bene dato in garanzia alla banca per il mutuo). Nel caso di Romani, siccome si trattava di <a href=\"https:\/\/www.il9marzo.it\/?p=8867\" data-type=\"URL\" data-id=\"https:\/\/www.il9marzo.it\/?p=8867\">\u201cun piccolo vano in pi\u00f9\u201d come abbiamo scritto correttamente fin dall\u2019inizio<\/a>, anche il falso ideologico \u00e8 stato giudicato piccolo, tanto che non valeva neanche la pena di punirlo (salvo recidiva, un pericolo al quale, vista la frequenza con cui cambia casa e chiede mutui, il nostro \u00e8 bene che faccia attenzione).<\/p>\n\n\n\n<p>Nel linguaggio comune, \u201cfalso ideologico\u201d pu\u00f2 suonare, per\u00f2, a orecchie inesperte del diritto, come sinonimo improprio di \u201cidea sbagliata\u201d. E, al netto dell\u2019equivoco di interpretazione, sul piano delle ideologie fasulle e sbagliate \u201cGiulio il piccolo\u201d ha delle colpe politiche grandi per aver favorito la diffusione nella Cisl dell\u2019idea di rafforzare l\u2019organizzazione con i servizi finanziari attraverso le societ\u00e0 della holding Aletheia.<\/p>\n\n\n\n<p>A suo tempo lui e i suoi l\u2019ha venduta come una sorta di rivoluzione copernicana. il <a href=\"https:\/\/www.il9marzo.it\/?p=9078\" data-type=\"URL\" data-id=\"https:\/\/www.il9marzo.it\/?p=9078\">passaggio dal sindacato della militanza a quello dell\u2019assistenza finanziaria ai soci<\/a> (con guadagni per l\u2019organizzazione e per i suoi sempre pi\u00f9 numerosi stipendiati). Facendo il percorso contrario ai sindacati tedeschi e americani, che aumentano le adesioni e la forza contrattuale alleggerendo la struttura e rafforzando la mobilitazione volontaria degli iscritti (si chiama <em>organizing<\/em>), e puntando invece a farne un parco buoi da cui trarre risorse in cambio di prestazioni pi\u00f9 o meno efficienti (si chiama <em>servicing<\/em>). E provocando un conflitto di interessi al tavolo della contrattazione, dove l&#8217;organizzazione ha interesse a spostare risorse dalla busta paga ai fondi che gestisce.<\/p>\n\n\n\n<p>Questa idea era sbagliata nei suoi presupposti e sta producendo risultati negativi. Per questo sarebbe bene liquidarla cos\u00ec come sono in liquidazione le societ\u00e0 che avrebbero dovuto realizzarla. Invece c&#8217;\u00e8 il rischio che gli strumenti vengano liquidati ma l&#8217;idea falsa e sbagliata resti in circolazione. E intanto Giulio il piccolo se ne sta tranquillo, premiato con un posto alla Ces per avere sbagliato tutto.<\/p>\n","protected":false},"excerpt":{"rendered":"<p>Giulio Romani, stando alla sentenza di primo grado del Tribunale di Verona del dicembre scorso, ha commesso un reato di falso ideologico cos\u00ec piccolo, ma cos\u00ec piccolo, da non dover essere nemmeno punito perch\u00e9 sostanzialmente irrilevante. Dopo questa sentenza, lo si potrebbe chiamare \u201cGiulio il piccolo\u201d (o &#8220;l&#8217;irrilevante&#8221;). La storia \u00e8 quella dei lavori nell\u2019appartamento&hellip;<\/p>\n","protected":false},"author":1,"featured_media":0,"comment_status":"open","ping_status":"closed","sticky":false,"template":"","format":"standard","meta":{"footnotes":""},"categories":[1],"tags":[],"class_list":["post-9799","post","type-post","status-publish","format-standard","hentry","category-senza-categoria","no-post-thumbnail","entry"],"_links":{"self":[{"href":"https:\/\/www.il9marzo.it\/index.php?rest_route=\/wp\/v2\/posts\/9799","targetHints":{"allow":["GET"]}}],"collection":[{"href":"https:\/\/www.il9marzo.it\/index.php?rest_route=\/wp\/v2\/posts"}],"about":[{"href":"https:\/\/www.il9marzo.it\/index.php?rest_route=\/wp\/v2\/types\/post"}],"author":[{"embeddable":true,"href":"https:\/\/www.il9marzo.it\/index.php?rest_route=\/wp\/v2\/users\/1"}],"replies":[{"embeddable":true,"href":"https:\/\/www.il9marzo.it\/index.php?rest_route=%2Fwp%2Fv2%2Fcomments&post=9799"}],"version-history":[{"count":0,"href":"https:\/\/www.il9marzo.it\/index.php?rest_route=\/wp\/v2\/posts\/9799\/revisions"}],"wp:attachment":[{"href":"https:\/\/www.il9marzo.it\/index.php?rest_route=%2Fwp%2Fv2%2Fmedia&parent=9799"}],"wp:term":[{"taxonomy":"category","embeddable":true,"href":"https:\/\/www.il9marzo.it\/index.php?rest_route=%2Fwp%2Fv2%2Fcategories&post=9799"},{"taxonomy":"post_tag","embeddable":true,"href":"https:\/\/www.il9marzo.it\/index.php?rest_route=%2Fwp%2Fv2%2Ftags&post=9799"}],"curies":[{"name":"wp","href":"https:\/\/api.w.org\/{rel}","templated":true}]}}