{"id":2355,"date":"2015-09-18T08:36:55","date_gmt":"2015-09-18T06:36:55","guid":{"rendered":"http:\/\/www.il9marzo.it\/?p=2355"},"modified":"2015-09-18T08:36:55","modified_gmt":"2015-09-18T06:36:55","slug":"dal-2008","status":"publish","type":"post","link":"https:\/\/www.il9marzo.it\/?p=2355","title":{"rendered":"Dal 2008"},"content":{"rendered":"<p>In attesa di sapere la verit\u00e0 su Anna Maria Furlan, abbiamo scoperto <a href=\"http:\/\/www.repubblica.it\/economia\/2015\/09\/17\/news\/cgil_operazione_trasparenza_ecco_quanto_guadagna_camusso-123067677\/?ref=HREC1-8\">quanto prende Susanna Camusso<\/a>: 3850 netti al mese. Che, cos\u00ec ad occhio, non \u00e8 poco n\u00e9 tanto.<\/p>\n<p>Pi\u00f9 interessante, e non priva di una qualche possibile malizia, \u00e8 la rivelazione della Cgil che da loro le retribuzioni dei vertici confederali non aumentano dal 2008. Che, tradotto, significa una coltellata alla Cisl: mentre da voi c&#8217;erano retribuzioni che crescevano (anche in funzione di permettere una serena vecchiaia col ritocchino alla pensione) da noi no (o meglio, qualcosa, <a href=\"http:\/\/www.ilfattoquotidiano.it\/2014\/10\/30\/cisl-raffaele-bonanni-segretario-sindacale-336mila-euro-lanno\/1181430\/\">almeno a leggere fino in fondo gli articoli del Fatto quotidiano<\/a>, era successo, ma non si \u00e8 ripetuto).<\/p>\n<p>Ora la palla \u00e8 alla Cisl. Che per essere alla pari non pu\u00f2 limitarsi a dire quanto si prender\u00e0 dopo il ritocchino alle regole (come l&#8217;indennit\u00e0 aggiuntiva del 40 per cento che <a href=\"http:\/\/www.il9marzo.it\/?p=2214\">il distratto Bentivogli aveva approvato e la Fim ha respinto<\/a>). Deve dire che \u00e8 successo almeno dal 2008.<\/p>\n<p>Non saremo mica da meno della Cgil?<\/p>\n","protected":false},"excerpt":{"rendered":"<p>In attesa di sapere la verit\u00e0 su Anna Maria Furlan, abbiamo scoperto quanto prende Susanna Camusso: 3850 netti al mese. Che, cos\u00ec ad occhio, non \u00e8 poco n\u00e9 tanto. Pi\u00f9 interessante, e non priva di una qualche possibile malizia, \u00e8 la rivelazione della Cgil che da loro le retribuzioni dei vertici confederali non aumentano dal&hellip;<\/p>\n","protected":false},"author":1,"featured_media":0,"comment_status":"open","ping_status":"open","sticky":false,"template":"","format":"standard","meta":{"footnotes":""},"categories":[1],"tags":[],"class_list":["post-2355","post","type-post","status-publish","format-standard","hentry","category-senza-categoria","no-post-thumbnail","entry"],"_links":{"self":[{"href":"https:\/\/www.il9marzo.it\/index.php?rest_route=\/wp\/v2\/posts\/2355","targetHints":{"allow":["GET"]}}],"collection":[{"href":"https:\/\/www.il9marzo.it\/index.php?rest_route=\/wp\/v2\/posts"}],"about":[{"href":"https:\/\/www.il9marzo.it\/index.php?rest_route=\/wp\/v2\/types\/post"}],"author":[{"embeddable":true,"href":"https:\/\/www.il9marzo.it\/index.php?rest_route=\/wp\/v2\/users\/1"}],"replies":[{"embeddable":true,"href":"https:\/\/www.il9marzo.it\/index.php?rest_route=%2Fwp%2Fv2%2Fcomments&post=2355"}],"version-history":[{"count":0,"href":"https:\/\/www.il9marzo.it\/index.php?rest_route=\/wp\/v2\/posts\/2355\/revisions"}],"wp:attachment":[{"href":"https:\/\/www.il9marzo.it\/index.php?rest_route=%2Fwp%2Fv2%2Fmedia&parent=2355"}],"wp:term":[{"taxonomy":"category","embeddable":true,"href":"https:\/\/www.il9marzo.it\/index.php?rest_route=%2Fwp%2Fv2%2Fcategories&post=2355"},{"taxonomy":"post_tag","embeddable":true,"href":"https:\/\/www.il9marzo.it\/index.php?rest_route=%2Fwp%2Fv2%2Ftags&post=2355"}],"curies":[{"name":"wp","href":"https:\/\/api.w.org\/{rel}","templated":true}]}}